
{"id":939,"date":"2016-05-10T08:21:42","date_gmt":"2016-05-10T08:21:42","guid":{"rendered":"https:\/\/www.aulastic.com\/blogs2\/aulaabierta\/?p=939"},"modified":"2016-05-10T08:21:42","modified_gmt":"2016-05-10T08:21:42","slug":"el-dia-de-carreras","status":"publish","type":"post","link":"https:\/\/www.aulastic.com\/blogs2\/aulaabierta\/2016\/05\/10\/el-dia-de-carreras\/","title":{"rendered":"El d\u00eda de carreras"},"content":{"rendered":"<p>El d\u00eda 9 de mayo de 2016 la clase de 3\u00ba a entraba por la puerta principal de el colegio.<\/p>\n<p>Se marchaban a&#8230; \u00a1el circuito y museo de Fernando Alonso!<\/p>\n<p>Era un d\u00eda muy grande para ellos\/as.<\/p>\n<p>A las nueve y media el autob\u00fas se marchaba.<\/p>\n<p>Cuando llegamos nos dimos todos un gran asombro por lo grande que era all\u00ed nuestra gu\u00eda por el museo nos esperaba.<\/p>\n<p>Cuando entramos vimos el primer traje de Fernando Alonso y muchas cosas m\u00e1s, en la segunda sala vimos los grandes coches de carrera.<\/p>\n<p>Cuando vimos el museo entero fu\u00edmos a la peque\u00f1a clase de educaci\u00f3n vial.<\/p>\n<p>All\u00ed nos ense\u00f1aron como tener una vida segura en la calle, y algunas de esas se\u00f1ales que todos conocemos y seg\u00faro que las vimos por la calle.<\/p>\n<p>Luego nos fuimos a comer el pincho a las gradas donde se entrena la gente que tiene cars o coches de carrera.<\/p>\n<p>Una vez desp\u00faes de tomar el pincho fu\u00edmos a coger los cars y a ense\u00f1arnos una clase b\u00e1sica de educaci\u00f3n vial por la carretera.<\/p>\n<p>Despu\u00e9s de este gran viaje nos fu\u00edmos muy contentos por haber vivido esta experiencia tan maravillosa.<\/p>\n<p>Yo me lo pas\u00e9 muy bien pero cuando mejor me lo pas\u00e9 fu\u00e9 cuando me mont\u00e9 en los cars.<\/p>\n<p>Yo creo que fu\u00e9 un\u00a0 d\u00eda de una gran carrera.<\/p>\n<p>Claudia Mu\u00f1iz<\/p>\n","protected":false},"excerpt":{"rendered":"<p>El d\u00eda 9 de mayo de 2016 la clase de 3\u00ba a entraba por la puerta principal de el colegio. Se marchaban a&#8230; \u00a1el circuito y museo de Fernando Alonso! Era un d\u00eda muy grande para ellos\/as. A las nueve y media el autob\u00fas se marchaba. Cuando llegamos nos dimos todos un gran asombro por &hellip; <a href=\"https:\/\/www.aulastic.com\/blogs2\/aulaabierta\/2016\/05\/10\/el-dia-de-carreras\/\" class=\"more-link\">Seguir leyendo <span class=\"screen-reader-text\">El d\u00eda de carreras<\/span> <span class=\"meta-nav\">&rarr;<\/span><\/a><\/p>\n","protected":false},"author":69,"featured_media":0,"comment_status":"open","ping_status":"open","sticky":false,"template":"","format":"standard","meta":[],"categories":[20],"tags":[],"jetpack_featured_media_url":"","_links":{"self":[{"href":"https:\/\/www.aulastic.com\/blogs2\/aulaabierta\/wp-json\/wp\/v2\/posts\/939"}],"collection":[{"href":"https:\/\/www.aulastic.com\/blogs2\/aulaabierta\/wp-json\/wp\/v2\/posts"}],"about":[{"href":"https:\/\/www.aulastic.com\/blogs2\/aulaabierta\/wp-json\/wp\/v2\/types\/post"}],"author":[{"embeddable":true,"href":"https:\/\/www.aulastic.com\/blogs2\/aulaabierta\/wp-json\/wp\/v2\/users\/69"}],"replies":[{"embeddable":true,"href":"https:\/\/www.aulastic.com\/blogs2\/aulaabierta\/wp-json\/wp\/v2\/comments?post=939"}],"version-history":[{"count":3,"href":"https:\/\/www.aulastic.com\/blogs2\/aulaabierta\/wp-json\/wp\/v2\/posts\/939\/revisions"}],"predecessor-version":[{"id":960,"href":"https:\/\/www.aulastic.com\/blogs2\/aulaabierta\/wp-json\/wp\/v2\/posts\/939\/revisions\/960"}],"wp:attachment":[{"href":"https:\/\/www.aulastic.com\/blogs2\/aulaabierta\/wp-json\/wp\/v2\/media?parent=939"}],"wp:term":[{"taxonomy":"category","embeddable":true,"href":"https:\/\/www.aulastic.com\/blogs2\/aulaabierta\/wp-json\/wp\/v2\/categories?post=939"},{"taxonomy":"post_tag","embeddable":true,"href":"https:\/\/www.aulastic.com\/blogs2\/aulaabierta\/wp-json\/wp\/v2\/tags?post=939"}],"curies":[{"name":"wp","href":"https:\/\/api.w.org\/{rel}","templated":true}]}}