
{"id":291,"date":"2015-11-24T10:58:53","date_gmt":"2015-11-24T10:58:53","guid":{"rendered":"https:\/\/www.aulastic.com\/blogs2\/aulaabierta\/?p=291"},"modified":"2015-11-24T10:58:53","modified_gmt":"2015-11-24T10:58:53","slug":"maeve","status":"publish","type":"post","link":"https:\/\/www.aulastic.com\/blogs2\/aulaabierta\/2015\/11\/24\/maeve\/","title":{"rendered":"Maeve"},"content":{"rendered":"<p>Me llamo Maeve.Tengo ocho a\u00f1os.Vivo en Cand\u00e1s en la calle Jovellanos.<\/p>\n<p>Lo que mas me gusta es cocinar.<\/p>\n<p>Voy a describirme: tengo los ojos marrones.Mi pelo es marr\u00f3n casta\u00f1o.Tengo la nariz un poco peque\u00f1a.Soy un poco alta.Tengo la cara peque\u00f1a y ovalada.Tengo las pesta\u00f1as largas y las cejas cortas.Soy delgada. tengo los dientes un poco de conejo.<\/p>\n<p>Soy amable,soy bondadosa y tambi\u00e9n soy divertida<\/p>\n<p>&nbsp;<\/p>\n","protected":false},"excerpt":{"rendered":"<p>Me llamo Maeve.Tengo ocho a\u00f1os.Vivo en Cand\u00e1s en la calle Jovellanos. Lo que mas me gusta es cocinar. Voy a describirme: tengo los ojos marrones.Mi pelo es marr\u00f3n casta\u00f1o.Tengo la nariz un poco peque\u00f1a.Soy un poco alta.Tengo la cara peque\u00f1a y ovalada.Tengo las pesta\u00f1as largas y las cejas cortas.Soy delgada. tengo los dientes un poco &hellip; <a href=\"https:\/\/www.aulastic.com\/blogs2\/aulaabierta\/2015\/11\/24\/maeve\/\" class=\"more-link\">Seguir leyendo <span class=\"screen-reader-text\">Maeve<\/span> <span class=\"meta-nav\">&rarr;<\/span><\/a><\/p>\n","protected":false},"author":71,"featured_media":0,"comment_status":"open","ping_status":"open","sticky":false,"template":"","format":"standard","meta":[],"categories":[8],"tags":[],"jetpack_featured_media_url":"","_links":{"self":[{"href":"https:\/\/www.aulastic.com\/blogs2\/aulaabierta\/wp-json\/wp\/v2\/posts\/291"}],"collection":[{"href":"https:\/\/www.aulastic.com\/blogs2\/aulaabierta\/wp-json\/wp\/v2\/posts"}],"about":[{"href":"https:\/\/www.aulastic.com\/blogs2\/aulaabierta\/wp-json\/wp\/v2\/types\/post"}],"author":[{"embeddable":true,"href":"https:\/\/www.aulastic.com\/blogs2\/aulaabierta\/wp-json\/wp\/v2\/users\/71"}],"replies":[{"embeddable":true,"href":"https:\/\/www.aulastic.com\/blogs2\/aulaabierta\/wp-json\/wp\/v2\/comments?post=291"}],"version-history":[{"count":3,"href":"https:\/\/www.aulastic.com\/blogs2\/aulaabierta\/wp-json\/wp\/v2\/posts\/291\/revisions"}],"predecessor-version":[{"id":351,"href":"https:\/\/www.aulastic.com\/blogs2\/aulaabierta\/wp-json\/wp\/v2\/posts\/291\/revisions\/351"}],"wp:attachment":[{"href":"https:\/\/www.aulastic.com\/blogs2\/aulaabierta\/wp-json\/wp\/v2\/media?parent=291"}],"wp:term":[{"taxonomy":"category","embeddable":true,"href":"https:\/\/www.aulastic.com\/blogs2\/aulaabierta\/wp-json\/wp\/v2\/categories?post=291"},{"taxonomy":"post_tag","embeddable":true,"href":"https:\/\/www.aulastic.com\/blogs2\/aulaabierta\/wp-json\/wp\/v2\/tags?post=291"}],"curies":[{"name":"wp","href":"https:\/\/api.w.org\/{rel}","templated":true}]}}