
{"id":1722,"date":"2017-06-19T18:38:00","date_gmt":"2017-06-19T18:38:00","guid":{"rendered":"https:\/\/www.aulastic.com\/blogs2\/aulaabierta\/?p=1722"},"modified":"2017-06-19T18:38:00","modified_gmt":"2017-06-19T18:38:00","slug":"un-dia-en-el-monte-areo","status":"publish","type":"post","link":"https:\/\/www.aulastic.com\/blogs2\/aulaabierta\/2017\/06\/19\/un-dia-en-el-monte-areo\/","title":{"rendered":"Un dia en el monte Areo"},"content":{"rendered":"<p>El dia 16-6-2017 fuimos al monte Areo con Delfino.<\/p>\n<p>Cuando llegamos a clase estuvimos esperando al autob\u00fas,llego el autob\u00fas y nos fuimos. Llegamos y fuimos al mirador, despu\u00e9s fuimos a\u00a0ver el dolmen y otro que no estaba montado.\u00a0Despu\u00e9s\u00a0llego el abuelo de\u00a0Claudia que nos ense\u00f1o muchas cosas de la prehistoria como una flecha&#8230; Cuando nos ense\u00f1o todo nos dejo 10 minutos libres .<\/p>\n<p>Paso el tiempo libre y nos pusimos en equipos \u00a0para encontrar veinte arboles, Inma\u00a0nos dio una Guia y Delfino un pape,l nosotros cogimos \u00a0un l\u00e1piz y\u00a0empezamos .<\/p>\n<p>Llego la hora de merendar , cuando terminamos fuimos a buscar los arboles que nos \u00a0quedaban .Cuando terminamos \u00a0pudimos ayudar a los dem\u00e1s o jugar . Llego el autob\u00fas y nos fuimos<\/p>\n<p>Fue un dia muy divertido. \u00a0 \u00a0 \u00a0 \u00a0 \u00a0 \u00a0 \u00a0 \u00a0 \u00a0 \u00a0 \u00a0 \u00a0 \u00a0 \u00a0 \u00a0 \u00a0 \u00a0 \u00a0 \u00a0 \u00a0 \u00a0 \u00a0 \u00a0 \u00a0 \u00a0 \u00a0 \u00a0 \u00a0 \u00a0 \u00a0 \u00a0 \u00a0 \u00a0 \u00a0 \u00a0 \u00a0 \u00a0 \u00a0 \u00a0 \u00a0 \u00a0 \u00a0 \u00a0 \u00a0 \u00a0 \u00a0 \u00a0 \u00a0 \u00a0 \u00a0 \u00a0 \u00a0 \u00a0 \u00a0 \u00a0 Maeve<\/p>\n","protected":false},"excerpt":{"rendered":"<p>El dia 16-6-2017 fuimos al monte Areo con Delfino. Cuando llegamos a clase estuvimos esperando al autob\u00fas,llego el autob\u00fas y nos fuimos. Llegamos y fuimos al mirador, despu\u00e9s fuimos a\u00a0ver el dolmen y otro que no estaba montado.\u00a0Despu\u00e9s\u00a0llego el abuelo de\u00a0Claudia que nos ense\u00f1o muchas cosas de la prehistoria como una flecha&#8230; Cuando nos ense\u00f1o &hellip; <a href=\"https:\/\/www.aulastic.com\/blogs2\/aulaabierta\/2017\/06\/19\/un-dia-en-el-monte-areo\/\" class=\"more-link\">Seguir leyendo <span class=\"screen-reader-text\">Un dia en el monte Areo<\/span> <span class=\"meta-nav\">&rarr;<\/span><\/a><\/p>\n","protected":false},"author":71,"featured_media":0,"comment_status":"open","ping_status":"open","sticky":false,"template":"","format":"standard","meta":[],"categories":[32],"tags":[],"jetpack_featured_media_url":"","_links":{"self":[{"href":"https:\/\/www.aulastic.com\/blogs2\/aulaabierta\/wp-json\/wp\/v2\/posts\/1722"}],"collection":[{"href":"https:\/\/www.aulastic.com\/blogs2\/aulaabierta\/wp-json\/wp\/v2\/posts"}],"about":[{"href":"https:\/\/www.aulastic.com\/blogs2\/aulaabierta\/wp-json\/wp\/v2\/types\/post"}],"author":[{"embeddable":true,"href":"https:\/\/www.aulastic.com\/blogs2\/aulaabierta\/wp-json\/wp\/v2\/users\/71"}],"replies":[{"embeddable":true,"href":"https:\/\/www.aulastic.com\/blogs2\/aulaabierta\/wp-json\/wp\/v2\/comments?post=1722"}],"version-history":[{"count":2,"href":"https:\/\/www.aulastic.com\/blogs2\/aulaabierta\/wp-json\/wp\/v2\/posts\/1722\/revisions"}],"predecessor-version":[{"id":1726,"href":"https:\/\/www.aulastic.com\/blogs2\/aulaabierta\/wp-json\/wp\/v2\/posts\/1722\/revisions\/1726"}],"wp:attachment":[{"href":"https:\/\/www.aulastic.com\/blogs2\/aulaabierta\/wp-json\/wp\/v2\/media?parent=1722"}],"wp:term":[{"taxonomy":"category","embeddable":true,"href":"https:\/\/www.aulastic.com\/blogs2\/aulaabierta\/wp-json\/wp\/v2\/categories?post=1722"},{"taxonomy":"post_tag","embeddable":true,"href":"https:\/\/www.aulastic.com\/blogs2\/aulaabierta\/wp-json\/wp\/v2\/tags?post=1722"}],"curies":[{"name":"wp","href":"https:\/\/api.w.org\/{rel}","templated":true}]}}