
{"id":1708,"date":"2017-06-19T18:45:04","date_gmt":"2017-06-19T18:45:04","guid":{"rendered":"https:\/\/www.aulastic.com\/blogs2\/aulaabierta\/?p=1708"},"modified":"2017-06-19T18:45:04","modified_gmt":"2017-06-19T18:45:04","slug":"un-dia-en-la-naturaleza-2","status":"publish","type":"post","link":"https:\/\/www.aulastic.com\/blogs2\/aulaabierta\/2017\/06\/19\/un-dia-en-la-naturaleza-2\/","title":{"rendered":"Un dia en la naturaleza"},"content":{"rendered":"<p>Hoy la clase de 4\u00baA y 4\u00baB hemos ido al \u00abMonte Areo\u00bb el punto mas alto de Carre\u00f1o.<\/p>\n<p>Se encuentra entre Guimar\u00e1n y El valle. A la excursi\u00f3n nos acompa\u00f1o Delfino un profesor ya jubilado pero viene a las excursiones.<\/p>\n<p>Lo primero que hicimos cuando llegamos fue ir caminando a donde estaban los tres d\u00f3lmenes. Nos explicaron por que hab\u00eda un dolmen que no estaba recogido y era porque hace mucho tiempo hab\u00edan excavado para encontrar tesoros. Luego vino el abuelo de una de nuestras compa\u00f1eras para explicarnos y ense\u00f1arnos cosas de el d\u00eda en el que los arque\u00f3logos estuvieron excavando. Porque su abuelo estuvo all\u00ed cuando excavaron. Despu\u00e9s nos dejaron jugar un poco y luego hicimos una Gyncana de arboles, trataba de buscar \u00e1rboles y el que primero supiera todos los nombres de los 20 arboles que hab\u00eda a la primera ganaba. Mi equipo formado por: \u00a0N\u00e9stor, Omar y yo. Quedamos los quintos pero nos lo pasamos bien despu\u00e9s merendamos y nos fuimos a esperar al autob\u00fas.<\/p>\n<p>A mi me ha encantado esta excursi\u00f3n, no se a mis compa\u00f1eros per yo creo que tambi\u00e9n les ha gustado.<\/p>\n<p>Alba<\/p>\n","protected":false},"excerpt":{"rendered":"<p>Hoy la clase de 4\u00baA y 4\u00baB hemos ido al \u00abMonte Areo\u00bb el punto mas alto de Carre\u00f1o. Se encuentra entre Guimar\u00e1n y El valle. A la excursi\u00f3n nos acompa\u00f1o Delfino un profesor ya jubilado pero viene a las excursiones. Lo primero que hicimos cuando llegamos fue ir caminando a donde estaban los tres d\u00f3lmenes. &hellip; <a href=\"https:\/\/www.aulastic.com\/blogs2\/aulaabierta\/2017\/06\/19\/un-dia-en-la-naturaleza-2\/\" class=\"more-link\">Seguir leyendo <span class=\"screen-reader-text\">Un dia en la naturaleza<\/span> <span class=\"meta-nav\">&rarr;<\/span><\/a><\/p>\n","protected":false},"author":42,"featured_media":0,"comment_status":"open","ping_status":"open","sticky":false,"template":"","format":"standard","meta":[],"categories":[32],"tags":[],"jetpack_featured_media_url":"","_links":{"self":[{"href":"https:\/\/www.aulastic.com\/blogs2\/aulaabierta\/wp-json\/wp\/v2\/posts\/1708"}],"collection":[{"href":"https:\/\/www.aulastic.com\/blogs2\/aulaabierta\/wp-json\/wp\/v2\/posts"}],"about":[{"href":"https:\/\/www.aulastic.com\/blogs2\/aulaabierta\/wp-json\/wp\/v2\/types\/post"}],"author":[{"embeddable":true,"href":"https:\/\/www.aulastic.com\/blogs2\/aulaabierta\/wp-json\/wp\/v2\/users\/42"}],"replies":[{"embeddable":true,"href":"https:\/\/www.aulastic.com\/blogs2\/aulaabierta\/wp-json\/wp\/v2\/comments?post=1708"}],"version-history":[{"count":3,"href":"https:\/\/www.aulastic.com\/blogs2\/aulaabierta\/wp-json\/wp\/v2\/posts\/1708\/revisions"}],"predecessor-version":[{"id":1734,"href":"https:\/\/www.aulastic.com\/blogs2\/aulaabierta\/wp-json\/wp\/v2\/posts\/1708\/revisions\/1734"}],"wp:attachment":[{"href":"https:\/\/www.aulastic.com\/blogs2\/aulaabierta\/wp-json\/wp\/v2\/media?parent=1708"}],"wp:term":[{"taxonomy":"category","embeddable":true,"href":"https:\/\/www.aulastic.com\/blogs2\/aulaabierta\/wp-json\/wp\/v2\/categories?post=1708"},{"taxonomy":"post_tag","embeddable":true,"href":"https:\/\/www.aulastic.com\/blogs2\/aulaabierta\/wp-json\/wp\/v2\/tags?post=1708"}],"curies":[{"name":"wp","href":"https:\/\/api.w.org\/{rel}","templated":true}]}}