
{"id":1646,"date":"2017-05-28T20:39:03","date_gmt":"2017-05-28T20:39:03","guid":{"rendered":"https:\/\/www.aulastic.com\/blogs2\/aulaabierta\/?p=1646"},"modified":"2017-05-28T20:39:03","modified_gmt":"2017-05-28T20:39:03","slug":"dia-del-responsable","status":"publish","type":"post","link":"https:\/\/www.aulastic.com\/blogs2\/aulaabierta\/2017\/05\/28\/dia-del-responsable\/","title":{"rendered":"D\u00eda del responsable"},"content":{"rendered":"<blockquote>\n<h6>\u00a0\u00a0\u00a0Querido diario:<\/h6>\n<h6 style=\"text-align: left\">El\u00a0anterior\u00a0viernes 26 me toc\u00f3 ser \u00abresponsable\u00b4\u00b4. Cuando me tocaba apuntar me dijeron cosas ( que no pod\u00eda apuntar sin el papel), yo no\u00a0 hice\u00a0\u00a0\u00a0\u00a0\u00a0\u00a0 caso.<\/h6>\n<h6 style=\"text-align: left\">Despu\u00e9s, Inma nos puso deberes y muchos los hicimos en clase. Luego salimos al recreo y jugu\u00e9 a la ara\u00f1a.\u00a0\u00a0\u00a0\u00a0\u00a0\u00a0\u00a0\u00a0\u00a0\u00a0\u00a0\u00a0\u00a0\u00a0\u00a0\u00a0\u00a0\u00a0\u00a0\u00a0\u00a0\u00a0\u00a0\u00a0\u00a0\u00a0\u00a0\u00a0\u00a0\u00a0\u00a0\u00a0\u00a0\u00a0\u00a0\u00a0\u00a0\u00a0 Cuando entramos del recreo,\u00a0nos toc\u00f3 hacer el trabajo de sociales, me esforc\u00e9, pero\u00a0mi equipo y yo nos llevamos una desilusi\u00f3n porque no lo pudimos acabar\u00a0y\u00a0al salir a las 14:15 sal\u00ed llorando\u00a0igual que\u00a0otro compa\u00f1ero de mi equipo.<\/h6>\n<\/blockquote>\n<h6>Luca<\/h6>\n","protected":false},"excerpt":{"rendered":"<p>\u00a0\u00a0\u00a0Querido diario: El\u00a0anterior\u00a0viernes 26 me toc\u00f3 ser \u00abresponsable\u00b4\u00b4. Cuando me tocaba apuntar me dijeron cosas ( que no pod\u00eda apuntar sin el papel), yo no\u00a0 hice\u00a0\u00a0\u00a0\u00a0\u00a0\u00a0 caso. Despu\u00e9s, Inma nos puso deberes y muchos los hicimos en clase. Luego salimos al recreo y jugu\u00e9 a la ara\u00f1a.\u00a0\u00a0\u00a0\u00a0\u00a0\u00a0\u00a0\u00a0\u00a0\u00a0\u00a0\u00a0\u00a0\u00a0\u00a0\u00a0\u00a0\u00a0\u00a0\u00a0\u00a0\u00a0\u00a0\u00a0\u00a0\u00a0\u00a0\u00a0\u00a0\u00a0\u00a0\u00a0\u00a0\u00a0\u00a0\u00a0\u00a0\u00a0 Cuando entramos del recreo,\u00a0nos toc\u00f3 hacer el trabajo &hellip; <a href=\"https:\/\/www.aulastic.com\/blogs2\/aulaabierta\/2017\/05\/28\/dia-del-responsable\/\" class=\"more-link\">Seguir leyendo <span class=\"screen-reader-text\">D\u00eda del responsable<\/span> <span class=\"meta-nav\">&rarr;<\/span><\/a><\/p>\n","protected":false},"author":59,"featured_media":0,"comment_status":"open","ping_status":"open","sticky":false,"template":"","format":"standard","meta":[],"categories":[28],"tags":[],"jetpack_featured_media_url":"","_links":{"self":[{"href":"https:\/\/www.aulastic.com\/blogs2\/aulaabierta\/wp-json\/wp\/v2\/posts\/1646"}],"collection":[{"href":"https:\/\/www.aulastic.com\/blogs2\/aulaabierta\/wp-json\/wp\/v2\/posts"}],"about":[{"href":"https:\/\/www.aulastic.com\/blogs2\/aulaabierta\/wp-json\/wp\/v2\/types\/post"}],"author":[{"embeddable":true,"href":"https:\/\/www.aulastic.com\/blogs2\/aulaabierta\/wp-json\/wp\/v2\/users\/59"}],"replies":[{"embeddable":true,"href":"https:\/\/www.aulastic.com\/blogs2\/aulaabierta\/wp-json\/wp\/v2\/comments?post=1646"}],"version-history":[{"count":4,"href":"https:\/\/www.aulastic.com\/blogs2\/aulaabierta\/wp-json\/wp\/v2\/posts\/1646\/revisions"}],"predecessor-version":[{"id":1652,"href":"https:\/\/www.aulastic.com\/blogs2\/aulaabierta\/wp-json\/wp\/v2\/posts\/1646\/revisions\/1652"}],"wp:attachment":[{"href":"https:\/\/www.aulastic.com\/blogs2\/aulaabierta\/wp-json\/wp\/v2\/media?parent=1646"}],"wp:term":[{"taxonomy":"category","embeddable":true,"href":"https:\/\/www.aulastic.com\/blogs2\/aulaabierta\/wp-json\/wp\/v2\/categories?post=1646"},{"taxonomy":"post_tag","embeddable":true,"href":"https:\/\/www.aulastic.com\/blogs2\/aulaabierta\/wp-json\/wp\/v2\/tags?post=1646"}],"curies":[{"name":"wp","href":"https:\/\/api.w.org\/{rel}","templated":true}]}}